{"id":212,"date":"2014-10-17T17:10:01","date_gmt":"2014-10-17T17:10:01","guid":{"rendered":"http:\/\/ecsantandreu.com\/wp\/2014\/10\/17\/francesc\/"},"modified":"2014-10-17T17:10:01","modified_gmt":"2014-10-17T17:10:01","slug":"francesc","status":"publish","type":"post","link":"https:\/\/ecsantandreu.com\/wp\/francesc\/","title":{"rendered":"LXVI DIADA MONTSERRATINA"},"content":{"rendered":"<p>Companys us animem a&nbsp;participar a&nbsp;la <strong>Diada Montserratina<\/strong>, una de les darreres cites del calendari cicloturista catal\u00e0. La tradicional festa, organitzada per la Federaci\u00f3 Catalana de Ciclisme, arriba a la 66ena. edici\u00f3 i es celebrar\u00e0 el proper <strong>diumenge 26 d\u2019octubre<\/strong> amb la pujada per a tots els ciclistes a la muntanya de Montserrat i la concentraci\u00f3 al Mirador dels Ap\u00f2stols a partir de les 10 h. Amb bendici\u00f3 pel para Abat i pin recordatori per a tothom.&nbsp; ANIMEU-SE i VENIU.<\/p>\n","protected":false},"excerpt":{"rendered":"<p>Companys us animem a&nbsp;participar a&nbsp;la Diada Montserratina, una de les darreres cites del calendari cicloturista catal\u00e0. La tradicional festa, organitzada per la Federaci\u00f3 Catalana de Ciclisme, arriba a la 66ena. edici\u00f3 i es celebrar\u00e0 el proper diumenge 26 d\u2019octubre amb la pujada per a tots els ciclistes a la muntanya de Montserrat i la concentraci\u00f3<span class=\"post-excerpt-end\">&hellip;<\/span><\/p>\n<p class=\"more-link\"><a href=\"https:\/\/ecsantandreu.com\/wp\/francesc\/\" class=\"themebutton\">Read More<\/a><\/p>\n","protected":false},"author":1,"featured_media":0,"comment_status":"open","ping_status":"open","sticky":false,"template":"","format":"standard","meta":{"footnotes":""},"categories":[5],"tags":[],"class_list":["post-212","post","type-post","status-publish","format-standard","hentry","category-cicloturismo"],"_links":{"self":[{"href":"https:\/\/ecsantandreu.com\/wp\/wp-json\/wp\/v2\/posts\/212","targetHints":{"allow":["GET"]}}],"collection":[{"href":"https:\/\/ecsantandreu.com\/wp\/wp-json\/wp\/v2\/posts"}],"about":[{"href":"https:\/\/ecsantandreu.com\/wp\/wp-json\/wp\/v2\/types\/post"}],"author":[{"embeddable":true,"href":"https:\/\/ecsantandreu.com\/wp\/wp-json\/wp\/v2\/users\/1"}],"replies":[{"embeddable":true,"href":"https:\/\/ecsantandreu.com\/wp\/wp-json\/wp\/v2\/comments?post=212"}],"version-history":[{"count":0,"href":"https:\/\/ecsantandreu.com\/wp\/wp-json\/wp\/v2\/posts\/212\/revisions"}],"wp:attachment":[{"href":"https:\/\/ecsantandreu.com\/wp\/wp-json\/wp\/v2\/media?parent=212"}],"wp:term":[{"taxonomy":"category","embeddable":true,"href":"https:\/\/ecsantandreu.com\/wp\/wp-json\/wp\/v2\/categories?post=212"},{"taxonomy":"post_tag","embeddable":true,"href":"https:\/\/ecsantandreu.com\/wp\/wp-json\/wp\/v2\/tags?post=212"}],"curies":[{"name":"wp","href":"https:\/\/api.w.org\/{rel}","templated":true}]}}