{"id":100,"date":"2011-05-21T21:54:11","date_gmt":"2011-05-21T21:54:11","guid":{"rendered":"http:\/\/ecsantandreu.com\/wp\/2011\/05\/21\/v-marxa-cicloturista-les-goges-2011\/"},"modified":"2011-05-21T21:54:11","modified_gmt":"2011-05-21T21:54:11","slug":"v-marxa-cicloturista-les-goges-2011","status":"publish","type":"post","link":"https:\/\/ecsantandreu.com\/wp\/v-marxa-cicloturista-les-goges-2011\/","title":{"rendered":"V Marxa Cicloturista Les Goges 2011"},"content":{"rendered":"<p style=\"text-align: justify;\"><a title=\"Marxa cicloturista les Goges\" href=\"http:\/\/ecsantandreu.com\/wp\/wp-content\/uploads\/2011\/05\/20110515_lesgoges.jpg\" rel=\"lightbox[20110515]\" target=\"_blank\"><img loading=\"lazy\" decoding=\"async\" class=\" alignleft size-full wp-image-98\" style=\"margin: 5px; float: left;\" src=\"http:\/\/ecsantandreu.com\/wp\/wp-content\/uploads\/2011\/05\/thumb_20110515_lesgoges.jpg\" alt=\"20110515_lesgoges\" width=\"150\" height=\"113\" \/><\/a>El diumenge 15 de maig va tenir lloc a Banyoles una nova edici\u00f3 d&#8217;aquesta marxa trenca-cames que amaga un port dur\u00edssim en el final del recorregut llarg. Nou socis del club van participar-hi fent possible que guany\u00e9ssim el premi al club amb m\u00e9s participants. En aquesta ocasi\u00f3, ressaltem les actuacions del Llu\u00eds Frontons en la marxa llarga i la M\u00ba Lourdes N\u00fa\u00f1ez a la curta que es van situar entre els deu primers del seu grup d&#8217;edat. A m\u00e9s, l&#8217;Andr\u00e9s Tigero i el Diego Niebla van completar un doblet aquest cap de setmana havent completat la marxa de Tortosa el dia anterior.<\/p>\n<p style=\"text-align: justify;\">Clickeu sobre Leer M\u00e1s per veure el detall dels socis participants.<\/p>\n<p>  <!--more-->  <\/p>\n<p>133 kms<\/p>\n<p>Ordre \u00a0\u00a0 Dorsal \u00a0 Categoria \u00a0\u00a0\u00a0\u00a0\u00a0\u00a0\u00a0\u00a0\u00a0\u00a0 O.Cat \u00a0\u00a0 Temps Velocitat(Km\/h) TPujadaRocacorba Nom<\/p>\n<p>135 \u00a0\u00a0\u00a0\u00a0\u00a0\u00a0\u00a0 538 \u00a0\u00a0\u00a0\u00a0\u00a0\u00a0\u00a0 Homes C[45-54] \u00a0\u00a0\u00a0\u00a0\u00a0\u00a0\u00a0\u00a0\u00a0\u00a0\u00a0\u00a0\u00a0 23 \u00a0\u00a0\u00a0\u00a0\u00a0\u00a0\u00a0\u00a0\u00a0 05:30:14 \u00a0\u00a0\u00a0\u00a0\u00a0\u00a0\u00a0\u00a0\u00a0\u00a0\u00a0\u00a0\u00a0 24.16 \u00a0\u00a0\u00a0 01:05:54.20\u00a0\u00a0\u00a0\u00a0\u00a0\u00a0\u00a0\u00a0 GONZALEZ RAYA, PEDRO ANTONIO<\/p>\n<p>143 \u00a0\u00a0\u00a0\u00a0\u00a0\u00a0\u00a0 596 \u00a0\u00a0\u00a0\u00a0\u00a0\u00a0\u00a0 Homes D[55-64] \u00a0\u00a0\u00a0\u00a0\u00a0\u00a0\u00a0\u00a0\u00a0\u00a0\u00a0\u00a0 9 \u00a0\u00a0\u00a0\u00a0\u00a0\u00a0\u00a0\u00a0\u00a0\u00a0\u00a0 05:35:07 \u00a0\u00a0\u00a0\u00a0\u00a0\u00a0\u00a0\u00a0\u00a0\u00a0\u00a0\u00a0\u00a0 23.81\u00a0\u00a0\u00a0\u00a0 01:17:28.10\u00a0\u00a0\u00a0\u00a0\u00a0\u00a0\u00a0\u00a0 FRONTONS REBOLL, LLUIS<\/p>\n<p>144 \u00a0\u00a0\u00a0\u00a0\u00a0\u00a0\u00a0 564 \u00a0\u00a0\u00a0\u00a0\u00a0\u00a0\u00a0 Homes C[45-54] \u00a0\u00a0\u00a0\u00a0\u00a0\u00a0\u00a0\u00a0\u00a0\u00a0\u00a0\u00a0\u00a0 25 \u00a0\u00a0\u00a0\u00a0\u00a0\u00a0\u00a0\u00a0\u00a0 05:35:12 \u00a0\u00a0\u00a0\u00a0\u00a0\u00a0\u00a0\u00a0\u00a0\u00a0\u00a0\u00a0\u00a0 23.81 \u00a0\u00a0\u00a0 01:08:23.25\u00a0\u00a0\u00a0\u00a0\u00a0\u00a0\u00a0\u00a0 P\u00c9REZ S\u00c1NCHEZ, ANTONIO<\/p>\n<p>171 \u00a0\u00a0\u00a0\u00a0\u00a0\u00a0\u00a0 539 \u00a0\u00a0\u00a0\u00a0\u00a0\u00a0\u00a0 Homes D[55-64] \u00a0\u00a0\u00a0\u00a0\u00a0\u00a0\u00a0\u00a0\u00a0\u00a0\u00a0\u00a0 11 \u00a0\u00a0\u00a0\u00a0\u00a0\u00a0\u00a0\u00a0\u00a0 06:08:15 \u00a0\u00a0\u00a0\u00a0\u00a0\u00a0\u00a0\u00a0\u00a0\u00a0\u00a0\u00a0\u00a0 21.67 \u00a0\u00a0\u00a0 01:06:55.85\u00a0\u00a0\u00a0\u00a0\u00a0\u00a0\u00a0\u00a0 GRANE TORRADEFLOT, LLUIS<\/p>\n<p>78 kms<\/p>\n<p>Ordre \u00a0\u00a0 Dorsal \u00a0 Categoria \u00a0\u00a0\u00a0\u00a0\u00a0\u00a0\u00a0\u00a0\u00a0\u00a0 O.Cat \u00a0\u00a0 Temps Velocitat(Km\/h) Nom\u00a0\u00a0<\/p>\n<p>73 \u00a0\u00a0\u00a0\u00a0\u00a0\u00a0\u00a0\u00a0\u00a0 126 \u00a0\u00a0\u00a0\u00a0\u00a0\u00a0\u00a0 Dones C[45-54] \u00a0\u00a0\u00a0\u00a0\u00a0\u00a0\u00a0\u00a0\u00a0\u00a0\u00a0\u00a0\u00a0\u00a0 4 \u00a0\u00a0\u00a0\u00a0\u00a0\u00a0\u00a0\u00a0\u00a0\u00a0\u00a0 03:18:41 \u00a0\u00a0\u00a0\u00a0\u00a0\u00a0\u00a0\u00a0\u00a0\u00a0\u00a0\u00a0\u00a0 23.55 \u00a0\u00a0\u00a0 NU\u00d1EZ FERNANDEZ, MARIA LOURDES<\/p>\n<p>75 \u00a0\u00a0\u00a0\u00a0\u00a0\u00a0\u00a0\u00a0\u00a0 583 \u00a0\u00a0\u00a0\u00a0\u00a0\u00a0\u00a0 Homes D[55-64] \u00a0\u00a0\u00a0\u00a0\u00a0\u00a0\u00a0\u00a0\u00a0\u00a0\u00a0\u00a0 11 \u00a0\u00a0\u00a0\u00a0\u00a0\u00a0\u00a0\u00a0\u00a0 03:19:48 \u00a0\u00a0\u00a0\u00a0\u00a0\u00a0\u00a0\u00a0\u00a0\u00a0\u00a0\u00a0\u00a0 23.42 \u00a0\u00a0\u00a0 TIGERO GONZALEZ, ANDRES<\/p>\n<p>76 \u00a0\u00a0\u00a0\u00a0\u00a0\u00a0\u00a0\u00a0\u00a0 348 \u00a0\u00a0\u00a0\u00a0\u00a0\u00a0\u00a0 Homes D[55-64] \u00a0\u00a0\u00a0\u00a0\u00a0\u00a0\u00a0\u00a0\u00a0\u00a0\u00a0\u00a0 12 \u00a0\u00a0\u00a0\u00a0\u00a0\u00a0\u00a0\u00a0\u00a0 03:19:49 \u00a0\u00a0\u00a0\u00a0\u00a0\u00a0\u00a0\u00a0\u00a0\u00a0\u00a0\u00a0\u00a0 23.42 \u00a0\u00a0\u00a0 MELERO CARRASCO, DAMASO-NICOLAS<\/p>\n<p>92 \u00a0\u00a0\u00a0\u00a0\u00a0\u00a0\u00a0\u00a0\u00a0 503 \u00a0\u00a0\u00a0\u00a0\u00a0\u00a0\u00a0 Homes C[45-54] \u00a0\u00a0\u00a0\u00a0\u00a0\u00a0\u00a0\u00a0\u00a0\u00a0\u00a0\u00a0\u00a0 23 \u00a0\u00a0\u00a0\u00a0\u00a0\u00a0\u00a0\u00a0\u00a0 03:59:23 \u00a0\u00a0\u00a0\u00a0\u00a0\u00a0\u00a0\u00a0\u00a0\u00a0\u00a0\u00a0\u00a0 19.55 \u00a0\u00a0\u00a0 ALBALA PARRA, RAFAEL<\/p>\n<p>??\u00a0\u00a0\u00a0\u00a0\u00a0\u00a0\u00a0\u00a0\u00a0\u00a0 ???\u00a0\u00a0\u00a0\u00a0\u00a0\u00a0\u00a0\u00a0 Homes C[45-54]\u00a0\u00a0\u00a0\u00a0\u00a0\u00a0\u00a0\u00a0\u00a0\u00a0\u00a0\u00a0\u00a0\u00a0 ??\u00a0\u00a0\u00a0\u00a0\u00a0\u00a0\u00a0\u00a0\u00a0\u00a0 ??:??:??\u00a0\u00a0\u00a0\u00a0\u00a0\u00a0\u00a0\u00a0\u00a0\u00a0\u00a0\u00a0\u00a0\u00a0 ??.??\u00a0\u00a0\u00a0\u00a0 NIEBLA, DIEGO<\/p>\n<p>* A Diego Niebla no li va marcar el xip a l&#8217;arribar<\/p>\n<p>PD: en la noticia de Tortosa falta la l\u00ednia de \u2018Clickeu sobre Leer M\u00e1s per veure el detall dels socis participants.\u2019<\/p>\n","protected":false},"excerpt":{"rendered":"<p>El diumenge 15 de maig va tenir lloc a Banyoles una nova edici\u00f3 d&#8217;aquesta marxa trenca-cames que amaga un port dur\u00edssim en el final del recorregut llarg. Nou socis del club van participar-hi fent possible que guany\u00e9ssim el premi al club amb m\u00e9s participants. En aquesta ocasi\u00f3, ressaltem les actuacions del Llu\u00eds Frontons en la<span class=\"post-excerpt-end\">&hellip;<\/span><\/p>\n<p class=\"more-link\"><a href=\"https:\/\/ecsantandreu.com\/wp\/v-marxa-cicloturista-les-goges-2011\/\" class=\"themebutton\">Read More<\/a><\/p>\n","protected":false},"author":1,"featured_media":98,"comment_status":"open","ping_status":"open","sticky":false,"template":"","format":"standard","meta":{"footnotes":""},"categories":[10],"tags":[],"class_list":["post-100","post","type-post","status-publish","format-standard","has-post-thumbnail","hentry","category-clasificacion"],"_links":{"self":[{"href":"https:\/\/ecsantandreu.com\/wp\/wp-json\/wp\/v2\/posts\/100","targetHints":{"allow":["GET"]}}],"collection":[{"href":"https:\/\/ecsantandreu.com\/wp\/wp-json\/wp\/v2\/posts"}],"about":[{"href":"https:\/\/ecsantandreu.com\/wp\/wp-json\/wp\/v2\/types\/post"}],"author":[{"embeddable":true,"href":"https:\/\/ecsantandreu.com\/wp\/wp-json\/wp\/v2\/users\/1"}],"replies":[{"embeddable":true,"href":"https:\/\/ecsantandreu.com\/wp\/wp-json\/wp\/v2\/comments?post=100"}],"version-history":[{"count":0,"href":"https:\/\/ecsantandreu.com\/wp\/wp-json\/wp\/v2\/posts\/100\/revisions"}],"wp:featuredmedia":[{"embeddable":true,"href":"https:\/\/ecsantandreu.com\/wp\/wp-json\/wp\/v2\/media\/98"}],"wp:attachment":[{"href":"https:\/\/ecsantandreu.com\/wp\/wp-json\/wp\/v2\/media?parent=100"}],"wp:term":[{"taxonomy":"category","embeddable":true,"href":"https:\/\/ecsantandreu.com\/wp\/wp-json\/wp\/v2\/categories?post=100"},{"taxonomy":"post_tag","embeddable":true,"href":"https:\/\/ecsantandreu.com\/wp\/wp-json\/wp\/v2\/tags?post=100"}],"curies":[{"name":"wp","href":"https:\/\/api.w.org\/{rel}","templated":true}]}}